{"id":4024,"date":"2026-03-20T06:42:15","date_gmt":"2026-03-20T05:42:15","guid":{"rendered":"https:\/\/www.ffhollenstein.at\/?p=4024"},"modified":"2026-03-23T06:43:17","modified_gmt":"2026-03-23T05:43:17","slug":"abschnittsfeuerwehrtag-2","status":"publish","type":"post","link":"https:\/\/www.ffhollenstein.at\/?p=4024","title":{"rendered":"Abschnittsfeuerwehrtag"},"content":{"rendered":"\n<p class=\"wp-block-paragraph\">Am Freitag, 20. M\u00e4rz fand der Abschnittsfeuerwehrtag in Hiesbach statt.<\/p>\n\n\n\n<p class=\"wp-block-paragraph\">Viele Feuerwehrmitglieder und Ehreng\u00e4ste nahmen daran teil und nach einem R\u00fcckblick auf das vergangene Feuerwehrjahr folgte de Bericht des Abschnittskommandos.<\/p>\n\n\n\n<p class=\"wp-block-paragraph\">Anschlie\u00dfend kam es zu den Ehrungen:<\/p>\n\n\n\n<p class=\"wp-block-paragraph\">Mandl Josef wurde zum Ehrenhauptbrandinspektor ernannt.<\/p>\n\n\n\n<p class=\"wp-block-paragraph\">Folgende Medaillen wurden \u00fcberreicht:<\/p>\n\n\n\n<p class=\"wp-block-paragraph\">25-j\u00e4hrige verdienstvolle T\u00e4tigkeit auf dem Gebiete des Feuerwehr- und Rettungswesens<\/p>\n\n\n\n<p class=\"wp-block-paragraph\">* Filsmair Gernot<\/p>\n\n\n\n<p class=\"wp-block-paragraph\">* Mandl Thomas<\/p>\n\n\n\n<p class=\"wp-block-paragraph\">* Schachner Thomas<\/p>\n\n\n\n<p class=\"wp-block-paragraph\">40-j\u00e4hrige verdienstvolle T\u00e4tigkeit auf dem Gebiete des Feuerwehr- und Rettungswesens<\/p>\n\n\n\n<p class=\"wp-block-paragraph\">* Pr\u00fcller Helmut<\/p>\n\n\n\n<p class=\"wp-block-paragraph\">* Schnabler Karl<\/p>\n\n\n\n<p class=\"wp-block-paragraph\">* Schachner Franz<\/p>\n\n\n\n<p class=\"wp-block-paragraph\">* Schneckenleitner Christian<\/p>\n\n\n\n<p class=\"wp-block-paragraph\">* Schneckenleitner Gerhard<\/p>\n\n\n\n<p class=\"wp-block-paragraph\">Verdienstzeichen 3. Stufe des \u00d6sterreichischen Bundesfeuerwehrverbandes:<\/p>\n\n\n\n<p class=\"wp-block-paragraph\">* Mandl Josef<\/p>\n\n\n\n<p class=\"wp-block-paragraph\">Wir gratulieren allen Kameraden recht herzlich und bedanken uns f\u00fcr ihren langj\u00e4hrigen Einsatz.<\/p>\n\n\n\n<div class=\"wp-block-jetpack-slideshow aligncenter\" data-effect=\"slide\" style=\"--aspect-ratio:calc(768 \/ 1024)\"><div class=\"wp-block-jetpack-slideshow_container swiper\"><ul class=\"wp-block-jetpack-slideshow_swiper-wrapper swiper-wrapper\"><li class=\"wp-block-jetpack-slideshow_slide swiper-slide\"><figure><img loading=\"lazy\" decoding=\"async\" width=\"768\" height=\"1024\" alt=\"\" class=\"wp-block-jetpack-slideshow_image wp-image-4027\" data-id=\"4027\" data-aspect-ratio=\"768 \/ 1024\" src=\"https:\/\/www.ffhollenstein.at\/wp-content\/uploads\/2026\/03\/656323474_1248005000866574_2114835530002109423_n-1-768x1024.jpg\" srcset=\"https:\/\/www.ffhollenstein.at\/wp-content\/uploads\/2026\/03\/656323474_1248005000866574_2114835530002109423_n-1-768x1024.jpg 768w, https:\/\/www.ffhollenstein.at\/wp-content\/uploads\/2026\/03\/656323474_1248005000866574_2114835530002109423_n-1-225x300.jpg 225w, https:\/\/www.ffhollenstein.at\/wp-content\/uploads\/2026\/03\/656323474_1248005000866574_2114835530002109423_n-1-1152x1536.jpg 1152w, https:\/\/www.ffhollenstein.at\/wp-content\/uploads\/2026\/03\/656323474_1248005000866574_2114835530002109423_n-1.jpg 1536w\" sizes=\"(max-width: 768px) 100vw, 768px\" \/><\/figure><\/li><li class=\"wp-block-jetpack-slideshow_slide swiper-slide\"><figure><img loading=\"lazy\" decoding=\"async\" width=\"768\" height=\"1024\" alt=\"\" class=\"wp-block-jetpack-slideshow_image wp-image-4028\" data-id=\"4028\" data-aspect-ratio=\"768 \/ 1024\" src=\"https:\/\/www.ffhollenstein.at\/wp-content\/uploads\/2026\/03\/654384676_1248005037533237_6023364393357044505_n-1-768x1024.jpg\" srcset=\"https:\/\/www.ffhollenstein.at\/wp-content\/uploads\/2026\/03\/654384676_1248005037533237_6023364393357044505_n-1-768x1024.jpg 768w, https:\/\/www.ffhollenstein.at\/wp-content\/uploads\/2026\/03\/654384676_1248005037533237_6023364393357044505_n-1-225x300.jpg 225w, https:\/\/www.ffhollenstein.at\/wp-content\/uploads\/2026\/03\/654384676_1248005037533237_6023364393357044505_n-1-1152x1536.jpg 1152w, https:\/\/www.ffhollenstein.at\/wp-content\/uploads\/2026\/03\/654384676_1248005037533237_6023364393357044505_n-1.jpg 1536w\" sizes=\"(max-width: 768px) 100vw, 768px\" \/><\/figure><\/li><li class=\"wp-block-jetpack-slideshow_slide swiper-slide\"><figure><img loading=\"lazy\" decoding=\"async\" width=\"1024\" height=\"768\" alt=\"\" class=\"wp-block-jetpack-slideshow_image wp-image-4025\" data-id=\"4025\" data-aspect-ratio=\"1024 \/ 768\" src=\"https:\/\/www.ffhollenstein.at\/wp-content\/uploads\/2026\/03\/652472634_1248005030866571_6332543569330611783_n-1-1024x768.jpg\" srcset=\"https:\/\/www.ffhollenstein.at\/wp-content\/uploads\/2026\/03\/652472634_1248005030866571_6332543569330611783_n-1-1024x768.jpg 1024w, https:\/\/www.ffhollenstein.at\/wp-content\/uploads\/2026\/03\/652472634_1248005030866571_6332543569330611783_n-1-300x225.jpg 300w, https:\/\/www.ffhollenstein.at\/wp-content\/uploads\/2026\/03\/652472634_1248005030866571_6332543569330611783_n-1-768x576.jpg 768w, https:\/\/www.ffhollenstein.at\/wp-content\/uploads\/2026\/03\/652472634_1248005030866571_6332543569330611783_n-1-1536x1152.jpg 1536w, https:\/\/www.ffhollenstein.at\/wp-content\/uploads\/2026\/03\/652472634_1248005030866571_6332543569330611783_n-1.jpg 2048w\" sizes=\"(max-width: 1024px) 100vw, 1024px\" \/><\/figure><\/li><li class=\"wp-block-jetpack-slideshow_slide swiper-slide\"><figure><img loading=\"lazy\" decoding=\"async\" width=\"1024\" height=\"768\" alt=\"\" class=\"wp-block-jetpack-slideshow_image wp-image-4026\" data-id=\"4026\" data-aspect-ratio=\"1024 \/ 768\" src=\"https:\/\/www.ffhollenstein.at\/wp-content\/uploads\/2026\/03\/656039012_1248005007533240_67033254842696450_n-1-1024x768.jpg\" srcset=\"https:\/\/www.ffhollenstein.at\/wp-content\/uploads\/2026\/03\/656039012_1248005007533240_67033254842696450_n-1-1024x768.jpg 1024w, https:\/\/www.ffhollenstein.at\/wp-content\/uploads\/2026\/03\/656039012_1248005007533240_67033254842696450_n-1-300x225.jpg 300w, https:\/\/www.ffhollenstein.at\/wp-content\/uploads\/2026\/03\/656039012_1248005007533240_67033254842696450_n-1-768x576.jpg 768w, https:\/\/www.ffhollenstein.at\/wp-content\/uploads\/2026\/03\/656039012_1248005007533240_67033254842696450_n-1-1536x1152.jpg 1536w, https:\/\/www.ffhollenstein.at\/wp-content\/uploads\/2026\/03\/656039012_1248005007533240_67033254842696450_n-1.jpg 2048w\" sizes=\"(max-width: 1024px) 100vw, 1024px\" \/><\/figure><\/li><\/ul><a class=\"wp-block-jetpack-slideshow_button-prev swiper-button-prev swiper-button-white\" role=\"button\"><\/a><a class=\"wp-block-jetpack-slideshow_button-next swiper-button-next swiper-button-white\" role=\"button\"><\/a><a aria-label=\"Pause Slideshow\" class=\"wp-block-jetpack-slideshow_button-pause\" role=\"button\"><\/a><div class=\"wp-block-jetpack-slideshow_pagination swiper-pagination swiper-pagination-white\"><\/div><\/div><\/div>\n","protected":false},"excerpt":{"rendered":"<p>Am Freitag, 20. M\u00e4rz fand der Abschnittsfeuerwehrtag in Hiesbach statt. Viele Feuerwehrmitglieder und Ehreng\u00e4ste nahmen daran teil und nach einem R\u00fcckblick auf das vergangene Feuerwehrjahr folgte de Bericht des Abschnittskommandos. Anschlie\u00dfend kam es zu den Ehrungen: Mandl Josef wurde zum Ehrenhauptbrandinspektor ernannt. Folgende Medaillen wurden \u00fcberreicht: 25-j\u00e4hrige verdienstvolle T\u00e4tigkeit auf dem Gebiete des Feuerwehr- und [&hellip;]<\/p>\n","protected":false},"author":2,"featured_media":4025,"comment_status":"closed","ping_status":"closed","sticky":false,"template":"","format":"standard","meta":{"_jetpack_newsletter_access":"","_jetpack_dont_email_post_to_subs":false,"_jetpack_newsletter_tier_id":0,"_jetpack_memberships_contains_paywalled_content":false,"_jetpack_memberships_contains_paid_content":false,"footnotes":""},"categories":[55],"tags":[],"class_list":["post-4024","post","type-post","status-publish","format-standard","has-post-thumbnail","hentry","category-veranstaltung2026"],"jetpack_sharing_enabled":true,"jetpack_featured_media_url":"https:\/\/www.ffhollenstein.at\/wp-content\/uploads\/2026\/03\/652472634_1248005030866571_6332543569330611783_n-1.jpg","_links":{"self":[{"href":"https:\/\/www.ffhollenstein.at\/index.php?rest_route=\/wp\/v2\/posts\/4024","targetHints":{"allow":["GET"]}}],"collection":[{"href":"https:\/\/www.ffhollenstein.at\/index.php?rest_route=\/wp\/v2\/posts"}],"about":[{"href":"https:\/\/www.ffhollenstein.at\/index.php?rest_route=\/wp\/v2\/types\/post"}],"author":[{"embeddable":true,"href":"https:\/\/www.ffhollenstein.at\/index.php?rest_route=\/wp\/v2\/users\/2"}],"replies":[{"embeddable":true,"href":"https:\/\/www.ffhollenstein.at\/index.php?rest_route=%2Fwp%2Fv2%2Fcomments&post=4024"}],"version-history":[{"count":1,"href":"https:\/\/www.ffhollenstein.at\/index.php?rest_route=\/wp\/v2\/posts\/4024\/revisions"}],"predecessor-version":[{"id":4029,"href":"https:\/\/www.ffhollenstein.at\/index.php?rest_route=\/wp\/v2\/posts\/4024\/revisions\/4029"}],"wp:featuredmedia":[{"embeddable":true,"href":"https:\/\/www.ffhollenstein.at\/index.php?rest_route=\/wp\/v2\/media\/4025"}],"wp:attachment":[{"href":"https:\/\/www.ffhollenstein.at\/index.php?rest_route=%2Fwp%2Fv2%2Fmedia&parent=4024"}],"wp:term":[{"taxonomy":"category","embeddable":true,"href":"https:\/\/www.ffhollenstein.at\/index.php?rest_route=%2Fwp%2Fv2%2Fcategories&post=4024"},{"taxonomy":"post_tag","embeddable":true,"href":"https:\/\/www.ffhollenstein.at\/index.php?rest_route=%2Fwp%2Fv2%2Ftags&post=4024"}],"curies":[{"name":"wp","href":"https:\/\/api.w.org\/{rel}","templated":true}]}}