{"id":3311,"date":"2022-03-19T12:29:16","date_gmt":"2022-03-19T11:29:16","guid":{"rendered":"http:\/\/www.ffhollenstein.at\/?p=3311"},"modified":"2022-03-19T12:29:17","modified_gmt":"2022-03-19T11:29:17","slug":"50-jahre-fj-hollenstein-18-03","status":"publish","type":"post","link":"https:\/\/www.ffhollenstein.at\/?p=3311","title":{"rendered":"50 Jahre FJ-Hollenstein 18.03."},"content":{"rendered":"\n<figure class=\"wp-block-image size-large\"><img loading=\"lazy\" decoding=\"async\" width=\"1200\" height=\"1600\" src=\"http:\/\/www.ffhollenstein.at\/wp-content\/uploads\/2022\/03\/07fc9ab6-2a21-489e-b64f-21d7556a60b8.jpg\" alt=\"\" class=\"wp-image-3309\" srcset=\"https:\/\/www.ffhollenstein.at\/wp-content\/uploads\/2022\/03\/07fc9ab6-2a21-489e-b64f-21d7556a60b8.jpg 1200w, https:\/\/www.ffhollenstein.at\/wp-content\/uploads\/2022\/03\/07fc9ab6-2a21-489e-b64f-21d7556a60b8-225x300.jpg 225w, https:\/\/www.ffhollenstein.at\/wp-content\/uploads\/2022\/03\/07fc9ab6-2a21-489e-b64f-21d7556a60b8-768x1024.jpg 768w, https:\/\/www.ffhollenstein.at\/wp-content\/uploads\/2022\/03\/07fc9ab6-2a21-489e-b64f-21d7556a60b8-1152x1536.jpg 1152w\" sizes=\"auto, (max-width: 1200px) 100vw, 1200px\" \/><\/figure>\n\n\n\n<p>&#x1f692; 50 Jahre Feuerwehrjugend Hollenstein &#x1f692;<\/p>\n\n\n\n<p>Am 18.03. wurde der Bezirksfeuerwehrtag in Haag abgehalten.<br \/>Dabei wurde der FF Hollenstein\/Ybbs eine Urkunde f\u00fcr den 50-j\u00e4hrigen Bestand der Feuerwehrjugend \u00fcberreicht.<\/p>\n\n\n\n<p>Seit 1972 gibt es in Hollenstein eine Feuerwehrjugend und auch im Jahr 2022 sind wir stolz 4 Jugendfeuerwehrm\u00e4nner als Kameraden bezeichnen zu d\u00fcrfen!<\/p>\n\n\n\n<p>Du willst auch der Jugendfeuerwehr in Hollenstein beitreten? Dann kannst du dich gerne bei unserem Kdt. Josef Mandl, oder Jugendbetreuer Johannes Mandl melden &#x1f60a;<\/p>\n\n\n\n<figure class=\"wp-block-image size-large\"><img loading=\"lazy\" decoding=\"async\" width=\"1600\" height=\"1200\" src=\"http:\/\/www.ffhollenstein.at\/wp-content\/uploads\/2022\/03\/83effbd2-2697-43af-b46c-507e236e314d.jpg\" alt=\"\" class=\"wp-image-3310\" srcset=\"https:\/\/www.ffhollenstein.at\/wp-content\/uploads\/2022\/03\/83effbd2-2697-43af-b46c-507e236e314d.jpg 1600w, https:\/\/www.ffhollenstein.at\/wp-content\/uploads\/2022\/03\/83effbd2-2697-43af-b46c-507e236e314d-300x225.jpg 300w, https:\/\/www.ffhollenstein.at\/wp-content\/uploads\/2022\/03\/83effbd2-2697-43af-b46c-507e236e314d-1024x768.jpg 1024w, https:\/\/www.ffhollenstein.at\/wp-content\/uploads\/2022\/03\/83effbd2-2697-43af-b46c-507e236e314d-768x576.jpg 768w, https:\/\/www.ffhollenstein.at\/wp-content\/uploads\/2022\/03\/83effbd2-2697-43af-b46c-507e236e314d-1536x1152.jpg 1536w\" sizes=\"auto, (max-width: 1600px) 100vw, 1600px\" \/><\/figure>\n","protected":false},"excerpt":{"rendered":"<p>&#x1f692; 50 Jahre Feuerwehrjugend Hollenstein &#x1f692; Am 18.03. wurde der Bezirksfeuerwehrtag in Haag abgehalten.Dabei wurde der FF Hollenstein\/Ybbs eine Urkunde f\u00fcr den 50-j\u00e4hrigen Bestand der Feuerwehrjugend \u00fcberreicht. Seit 1972 gibt es in Hollenstein eine Feuerwehrjugend und auch im Jahr 2022 sind wir stolz 4 Jugendfeuerwehrm\u00e4nner als Kameraden bezeichnen zu d\u00fcrfen! Du willst auch der Jugendfeuerwehr [&hellip;]<\/p>\n","protected":false},"author":2,"featured_media":0,"comment_status":"closed","ping_status":"closed","sticky":false,"template":"","format":"standard","meta":{"_jetpack_memberships_contains_paid_content":false,"footnotes":""},"categories":[30],"tags":[],"class_list":["post-3311","post","type-post","status-publish","format-standard","hentry","category-diverse-taetigkeiten2022"],"jetpack_featured_media_url":"","jetpack_sharing_enabled":true,"_links":{"self":[{"href":"https:\/\/www.ffhollenstein.at\/index.php?rest_route=\/wp\/v2\/posts\/3311","targetHints":{"allow":["GET"]}}],"collection":[{"href":"https:\/\/www.ffhollenstein.at\/index.php?rest_route=\/wp\/v2\/posts"}],"about":[{"href":"https:\/\/www.ffhollenstein.at\/index.php?rest_route=\/wp\/v2\/types\/post"}],"author":[{"embeddable":true,"href":"https:\/\/www.ffhollenstein.at\/index.php?rest_route=\/wp\/v2\/users\/2"}],"replies":[{"embeddable":true,"href":"https:\/\/www.ffhollenstein.at\/index.php?rest_route=%2Fwp%2Fv2%2Fcomments&post=3311"}],"version-history":[{"count":1,"href":"https:\/\/www.ffhollenstein.at\/index.php?rest_route=\/wp\/v2\/posts\/3311\/revisions"}],"predecessor-version":[{"id":3312,"href":"https:\/\/www.ffhollenstein.at\/index.php?rest_route=\/wp\/v2\/posts\/3311\/revisions\/3312"}],"wp:attachment":[{"href":"https:\/\/www.ffhollenstein.at\/index.php?rest_route=%2Fwp%2Fv2%2Fmedia&parent=3311"}],"wp:term":[{"taxonomy":"category","embeddable":true,"href":"https:\/\/www.ffhollenstein.at\/index.php?rest_route=%2Fwp%2Fv2%2Fcategories&post=3311"},{"taxonomy":"post_tag","embeddable":true,"href":"https:\/\/www.ffhollenstein.at\/index.php?rest_route=%2Fwp%2Fv2%2Ftags&post=3311"}],"curies":[{"name":"wp","href":"https:\/\/api.w.org\/{rel}","templated":true}]}}