{"id":1607,"date":"2018-06-04T18:00:12","date_gmt":"2018-06-04T16:00:12","guid":{"rendered":"http:\/\/www.ffhollenstein.at\/?p=1607"},"modified":"2019-01-13T15:04:34","modified_gmt":"2019-01-13T14:04:34","slug":"baggerbergung-04-06","status":"publish","type":"post","link":"https:\/\/www.ffhollenstein.at\/?p=1607","title":{"rendered":"Baggerbergung 04.06."},"content":{"rendered":"<p><a href=\"#\"><img loading=\"lazy\" decoding=\"async\" src=\"http:\/\/www.ffhollenstein.at\/wp-content\/uploads\/2018\/06\/04.jpg\" alt=\"04\" width=\"1600\" height=\"1200\" class=\"alignleft size-full wp-image-1611\" srcset=\"https:\/\/www.ffhollenstein.at\/wp-content\/uploads\/2018\/06\/04.jpg 1600w, https:\/\/www.ffhollenstein.at\/wp-content\/uploads\/2018\/06\/04-300x225.jpg 300w, https:\/\/www.ffhollenstein.at\/wp-content\/uploads\/2018\/06\/04-768x576.jpg 768w, https:\/\/www.ffhollenstein.at\/wp-content\/uploads\/2018\/06\/04-1024x768.jpg 1024w\" sizes=\"auto, (max-width: 1600px) 100vw, 1600px\" \/><\/a><\/p>\n<div class=\"_1mf _1mj\" data-offset-key=\"rluv-0-0\"><span data-offset-key=\"rluv-0-0\"><span data-text=\"true\">Am 04.06. wurde die FFH zu einer Baggerbergung gerufen. Ein Bagger kam bei Arbeiten im steilen Gel\u00e4nde in eine gef\u00e4hrliche Lage und drohte abzust\u00fcrzen. Der Bagger konnte durch eine Seilwinde wieder sicher abgestellt werden. <\/span><\/span><\/div>\n\n\t\t<style type=\"text\/css\">\n\t\t\t#gallery-1 {\n\t\t\t\tmargin: auto;\n\t\t\t}\n\t\t\t#gallery-1 .gallery-item {\n\t\t\t\tfloat: left;\n\t\t\t\tmargin-top: 10px;\n\t\t\t\ttext-align: center;\n\t\t\t\twidth: 33%;\n\t\t\t}\n\t\t\t#gallery-1 img {\n\t\t\t\tborder: 2px solid #cfcfcf;\n\t\t\t}\n\t\t\t#gallery-1 .gallery-caption {\n\t\t\t\tmargin-left: 0;\n\t\t\t}\n\t\t\t\/* see gallery_shortcode() in wp-includes\/media.php *\/\n\t\t<\/style>\n\t\t<div id='gallery-1' class='gallery galleryid-1607 gallery-columns-3 gallery-size-thumbnail'><dl class='gallery-item'>\n\t\t\t<dt class='gallery-icon landscape'>\n\t\t\t\t<a href='https:\/\/www.ffhollenstein.at\/?attachment_id=1610'><img loading=\"lazy\" decoding=\"async\" width=\"150\" height=\"150\" src=\"https:\/\/www.ffhollenstein.at\/wp-content\/uploads\/2018\/06\/02-150x150.jpg\" class=\"attachment-thumbnail size-thumbnail\" alt=\"\" \/><\/a>\n\t\t\t<\/dt><\/dl><dl class='gallery-item'>\n\t\t\t<dt class='gallery-icon landscape'>\n\t\t\t\t<a href='https:\/\/www.ffhollenstein.at\/?attachment_id=1609'><img loading=\"lazy\" decoding=\"async\" width=\"150\" height=\"150\" src=\"https:\/\/www.ffhollenstein.at\/wp-content\/uploads\/2018\/06\/01-150x150.jpg\" class=\"attachment-thumbnail size-thumbnail\" alt=\"\" \/><\/a>\n\t\t\t<\/dt><\/dl><dl class='gallery-item'>\n\t\t\t<dt class='gallery-icon portrait'>\n\t\t\t\t<a href='https:\/\/www.ffhollenstein.at\/?attachment_id=1612'><img loading=\"lazy\" decoding=\"async\" width=\"150\" height=\"150\" src=\"https:\/\/www.ffhollenstein.at\/wp-content\/uploads\/2018\/06\/07-150x150.jpg\" class=\"attachment-thumbnail size-thumbnail\" alt=\"\" \/><\/a>\n\t\t\t<\/dt><\/dl><br style=\"clear: both\" \/>\n\t\t<\/div>\n\n","protected":false},"excerpt":{"rendered":"<p>Am 04.06. wurde die FFH zu einer Baggerbergung gerufen. Ein Bagger kam bei Arbeiten im steilen Gel\u00e4nde in eine gef\u00e4hrliche Lage und drohte abzust\u00fcrzen. Der Bagger konnte durch eine Seilwinde wieder sicher abgestellt werden.<\/p>\n","protected":false},"author":1,"featured_media":0,"comment_status":"open","ping_status":"open","sticky":false,"template":"","format":"standard","meta":{"_jetpack_memberships_contains_paid_content":false,"footnotes":""},"categories":[9],"tags":[],"class_list":["post-1607","post","type-post","status-publish","format-standard","hentry","category-technische-einsaetze2018"],"jetpack_featured_media_url":"","jetpack_sharing_enabled":true,"_links":{"self":[{"href":"https:\/\/www.ffhollenstein.at\/index.php?rest_route=\/wp\/v2\/posts\/1607","targetHints":{"allow":["GET"]}}],"collection":[{"href":"https:\/\/www.ffhollenstein.at\/index.php?rest_route=\/wp\/v2\/posts"}],"about":[{"href":"https:\/\/www.ffhollenstein.at\/index.php?rest_route=\/wp\/v2\/types\/post"}],"author":[{"embeddable":true,"href":"https:\/\/www.ffhollenstein.at\/index.php?rest_route=\/wp\/v2\/users\/1"}],"replies":[{"embeddable":true,"href":"https:\/\/www.ffhollenstein.at\/index.php?rest_route=%2Fwp%2Fv2%2Fcomments&post=1607"}],"version-history":[{"count":2,"href":"https:\/\/www.ffhollenstein.at\/index.php?rest_route=\/wp\/v2\/posts\/1607\/revisions"}],"predecessor-version":[{"id":1613,"href":"https:\/\/www.ffhollenstein.at\/index.php?rest_route=\/wp\/v2\/posts\/1607\/revisions\/1613"}],"wp:attachment":[{"href":"https:\/\/www.ffhollenstein.at\/index.php?rest_route=%2Fwp%2Fv2%2Fmedia&parent=1607"}],"wp:term":[{"taxonomy":"category","embeddable":true,"href":"https:\/\/www.ffhollenstein.at\/index.php?rest_route=%2Fwp%2Fv2%2Fcategories&post=1607"},{"taxonomy":"post_tag","embeddable":true,"href":"https:\/\/www.ffhollenstein.at\/index.php?rest_route=%2Fwp%2Fv2%2Ftags&post=1607"}],"curies":[{"name":"wp","href":"https:\/\/api.w.org\/{rel}","templated":true}]}}